{"id":14547,"date":"2025-03-20T15:14:19","date_gmt":"2025-03-20T14:14:19","guid":{"rendered":"https:\/\/fcaresystems.com\/?p=14547"},"modified":"2025-03-26T11:06:09","modified_gmt":"2025-03-26T10:06:09","slug":"premier-cas-dablation-thyroidienne-au-portugal","status":"publish","type":"post","link":"https:\/\/fcaresystems.com\/fr\/premier-cas-dablation-thyroidienne-au-portugal\/","title":{"rendered":"Premier cas d&rsquo;ablation thyro\u00efdienne au Portugal."},"content":{"rendered":"\n<h1 class=\"wp-block-heading has-primary-color has-text-color has-link-color wp-elements-98f39e1869ad06039701e0278ab83226\">Premier cas d&rsquo;ablation thyro\u00efdienne au Portugal et notre participation au 7\u1d49 Symposium ISITES sur la fluorescence des parathyro\u00efdes.<br><\/h1>\n\n\n\n<h2 class=\"wp-block-heading\"><strong>Premier cas d&rsquo;ablation thyro\u00efdienne au Portugal<\/strong><\/h2>\n\n\n\n<p><br>Pour r\u00e9sumer nos exp\u00e9riences de la semaine derni\u00e8re, plusieurs \u00e9v\u00e9nements marquants ont rythm\u00e9 notre parcours. Tout d&rsquo;abord, nous avons r\u00e9alis\u00e9 avec succ\u00e8s notre premi\u00e8re ablation de la thyro\u00efde au Portugal, sous la direction du Dr <a href=\"https:\/\/www.linkedin.com\/in\/teresa-dion%C3%ADsio-78b58961\/\">Teresa Dion\u00edsio<\/a>. Premier cas d&rsquo;ablation thyro\u00efdienne au Portugal. Cet accomplissement n\u2019aurait pas \u00e9t\u00e9 possible sans votre soutien, et nous vous en remercions chaleureusement.<br><\/p>\n\n\n\n<h2 class=\"wp-block-heading\"><strong>Notre participation au 7\u1d49 Symposium ISITES sur la fluorescence des parathyro\u00efdes<\/strong><br><\/h2>\n\n\n\n<p>Ensuite, nous avons eu le privil\u00e8ge de participer au 7e symposium de l&rsquo;ISITES sur la fluorescence parathyro\u00efdienne. Nous avons collabor\u00e9 avec Cardiolink pour sensibiliser le public aux avanc\u00e9es du traitement de la thyro\u00efde. Nous avons particuli\u00e8rement mis en avant les techniques mini-invasives, comme l&rsquo;ablation par radiofr\u00e9quence avec l\u2019AJ-500A. Cette technologie offre une alternative s\u00fbre et efficace \u00e0 la chirurgie traditionnelle, souvent douloureuse.<br><\/p>\n\n\n\n<p>Durant le symposium, nous avons d\u00e9montr\u00e9 les capacit\u00e9s de l&rsquo;AJ-500A et ses avantages pour les patients et praticiens. Les chirurgiens ont pu d\u00e9couvrir son \u00e9cran tactile intuitif et ajuster facilement les param\u00e8tres des diff\u00e9rents modes. Parmi ceux-ci, le mode M (Moving Shot Technique) et le mode P (Pulse Mode) avec \u00e9lectrodes de refroidissement internes se sont distingu\u00e9s. Nous avons \u00e9galement pr\u00e9sent\u00e9 le mode A-track (affusion) ou TEMP (contr\u00f4le de la temp\u00e9rature), qui assure pr\u00e9cision et s\u00e9curit\u00e9 gr\u00e2ce \u00e0 une \u00e9lectrode \u00e0 injection d\u2019eau.<br><\/p>\n\n\n\n<p>En somme, cette semaine a \u00e9t\u00e9 riche en avanc\u00e9es et en \u00e9changes. Nous sommes impatients de poursuivre cette dynamique et d\u2019am\u00e9liorer encore le traitement des pathologies thyro\u00efdiennes.<br><\/p>\n\n\n<div class=\"c-slider-gallery\"><div class=\"c-slider-wrapper\"><div class=\"c-slider c-slider-slick c-slider-slick-for o-block\" ref=\"slickSlide\"><a data-fancybox=\"gallery\" data-caption=\"AJ-500A workshop with surgeons on the test module.\" href=\"https:\/\/fcaresystems.com\/wp-content\/uploads\/2025\/03\/Tekengebied-3.jpg\"><img decoding=\"async\" src=\"https:\/\/fcaresystems.com\/wp-content\/uploads\/2025\/03\/Tekengebied-3.jpg\" title=\"AJ-500A workshop with surgeons on the test module.\"  \/><\/a><a data-fancybox=\"gallery\" data-caption=\"J-500A workshop with surgeons on the test module.\" href=\"https:\/\/fcaresystems.com\/wp-content\/uploads\/2025\/03\/Tekengebied-2.jpg\"><img decoding=\"async\" src=\"https:\/\/fcaresystems.com\/wp-content\/uploads\/2025\/03\/Tekengebied-2.jpg\" title=\"J-500A workshop with surgeons on the test module.\"  \/><\/a><a data-fancybox=\"gallery\" data-caption=\"The setup\" href=\"https:\/\/fcaresystems.com\/wp-content\/uploads\/2025\/03\/Tekengebied-1.jpg\"><img decoding=\"async\" src=\"https:\/\/fcaresystems.com\/wp-content\/uploads\/2025\/03\/Tekengebied-1.jpg\" title=\"The setup\"  \/><\/a><a data-fancybox=\"gallery\" data-caption=\"Presentation room\" href=\"https:\/\/fcaresystems.com\/wp-content\/uploads\/2025\/03\/Tekengebied-6.jpg\"><img decoding=\"async\" src=\"https:\/\/fcaresystems.com\/wp-content\/uploads\/2025\/03\/Tekengebied-6.jpg\" title=\"Presentation room\"  \/><\/a><a data-fancybox=\"gallery\" data-caption=\"Presentation room\" href=\"https:\/\/fcaresystems.com\/wp-content\/uploads\/2025\/03\/Tekengebied-5.jpg\"><img decoding=\"async\" src=\"https:\/\/fcaresystems.com\/wp-content\/uploads\/2025\/03\/Tekengebied-5.jpg\" title=\"Presentation room\"  \/><\/a><a data-fancybox=\"gallery\" data-caption=\"Presentation room\" href=\"https:\/\/fcaresystems.com\/wp-content\/uploads\/2025\/03\/Tekengebied-1-kopie.jpg\"><img decoding=\"async\" src=\"https:\/\/fcaresystems.com\/wp-content\/uploads\/2025\/03\/Tekengebied-1-kopie.jpg\" title=\"Presentation room\"  \/><\/a><a data-fancybox=\"gallery\" data-caption=\"\" href=\"https:\/\/fcaresystems.com\/wp-content\/uploads\/2025\/03\/Tekengebied-8.jpg\"><img decoding=\"async\" src=\"https:\/\/fcaresystems.com\/wp-content\/uploads\/2025\/03\/Tekengebied-8.jpg\" title=\"\"  \/><\/a><\/div><\/div><div class=\"c-slider-nav-container\"><div class=\"c-slider c-slider-slick c-slider-slick-nav u-margin-top-sm\" ref=\"slickNav\"><div><img decoding=\"async\" class=\"\" src=\"https:\/\/fcaresystems.com\/wp-content\/uploads\/2025\/03\/Tekengebied-3.jpg\" srcset=\"\" alt=\"\" \/><\/div><div><img decoding=\"async\" class=\"\" src=\"https:\/\/fcaresystems.com\/wp-content\/uploads\/2025\/03\/Tekengebied-2.jpg\" srcset=\"\" alt=\"\" \/><\/div><div><img decoding=\"async\" class=\"\" src=\"https:\/\/fcaresystems.com\/wp-content\/uploads\/2025\/03\/Tekengebied-1.jpg\" srcset=\"\" alt=\"\" \/><\/div><div><img decoding=\"async\" class=\"\" src=\"https:\/\/fcaresystems.com\/wp-content\/uploads\/2025\/03\/Tekengebied-6.jpg\" srcset=\"\" alt=\"\" \/><\/div><div><img decoding=\"async\" class=\"\" src=\"https:\/\/fcaresystems.com\/wp-content\/uploads\/2025\/03\/Tekengebied-5.jpg\" srcset=\"\" alt=\"\" \/><\/div><div><img decoding=\"async\" class=\"\" src=\"https:\/\/fcaresystems.com\/wp-content\/uploads\/2025\/03\/Tekengebied-1-kopie.jpg\" srcset=\"\" alt=\"\" \/><\/div><div><img decoding=\"async\" class=\"\" src=\"https:\/\/fcaresystems.com\/wp-content\/uploads\/2025\/03\/Tekengebied-8.jpg\" srcset=\"\" alt=\"\" \/><\/div><\/div><\/div><\/div>\n\n\n<p><br>Nous appr\u00e9cions l&rsquo;int\u00e9r\u00eat et l&rsquo;engagement des chirurgiens et des professionnels de la sant\u00e9 pr\u00e9sents au symposium. Ils rejoignent ainsi <strong><a href=\"https:\/\/www.heintel.at\/sortiment\/detail\/radiofrequenz-ablationssystem-aj500\">les nombreux autres professionnels<\/a><\/strong> soutenant l&rsquo;ablation de la thyro\u00efde par radiofr\u00e9quence. Si vous souhaitez en savoir plus sur l&rsquo;AJ-500A et son impact sur votre pratique, n&rsquo;h\u00e9sitez pas \u00e0 nous contacter. Vous pouvez \u00e9galement vous inscrire \u00e0 un atelier sur le traitement. Pour conna\u00eetre nos dates pr\u00e9vues, visitez le lien suivant.<br><\/p>\n\n\n\n<div class=\"wp-block-buttons is-layout-flex wp-block-buttons-is-layout-flex\">\n<div class=\"wp-block-button is-style-plain\"><a class=\"wp-block-button__link has-white-color has-primary-background-color has-text-color has-background wp-element-button\" href=\"https:\/\/fcaresystems.com\/fr\/ateliers\/participer-a-un-atelier\/\">Dates pr\u00e9vues<\/a><\/div>\n<\/div>\n\n\n\n<p><\/p>\n","protected":false},"excerpt":{"rendered":"<p>Premier cas d&rsquo;ablation thyro\u00efdienne au Portugal et notre participation au&#8230;<\/p>\n","protected":false},"author":2,"featured_media":14535,"comment_status":"closed","ping_status":"closed","sticky":false,"template":"","format":"standard","meta":{"footnotes":""},"categories":[8],"tags":[41,39,38,40,36],"class_list":["post-14547","post","type-post","status-publish","format-standard","has-post-thumbnail","hentry","category-non-classifiee","tag-aj-500a","tag-lablation","tag-radiofrequence","tag-thyroide","tag-thyroidienne"],"yoast_head":"<!-- This site is optimized with the Yoast SEO plugin v27.0 - https:\/\/yoast.com\/product\/yoast-seo-wordpress\/ -->\n<title>Premier cas d&#039;ablation thyro\u00efdienne au Portugal. | F Care Systems<\/title>\n<meta name=\"description\" content=\"Premi\u00e8re ablation thyro\u00efdienne r\u00e9ussie au Portugal, dirig\u00e9e par le Dr Teresa Dion\u00edsio, gr\u00e2ce \u00e0 votre soutien.\" \/>\n<meta name=\"robots\" content=\"index, follow, max-snippet:-1, max-image-preview:large, max-video-preview:-1\" \/>\n<link rel=\"canonical\" href=\"https:\/\/fcaresystems.com\/fr\/premier-cas-dablation-thyroidienne-au-portugal\/\" \/>\n<meta property=\"og:locale\" content=\"fr_FR\" \/>\n<meta property=\"og:type\" content=\"article\" \/>\n<meta property=\"og:title\" content=\"Premier cas d&#039;ablation thyro\u00efdienne au Portugal. | F Care Systems\" \/>\n<meta property=\"og:description\" content=\"Premi\u00e8re ablation thyro\u00efdienne r\u00e9ussie au Portugal, dirig\u00e9e par le Dr Teresa Dion\u00edsio, gr\u00e2ce \u00e0 votre soutien.\" \/>\n<meta property=\"og:url\" content=\"https:\/\/fcaresystems.com\/fr\/premier-cas-dablation-thyroidienne-au-portugal\/\" \/>\n<meta property=\"og:site_name\" content=\"F Care Systems\" \/>\n<meta property=\"article:published_time\" content=\"2025-03-20T14:14:19+00:00\" \/>\n<meta property=\"article:modified_time\" content=\"2025-03-26T10:06:09+00:00\" \/>\n<meta property=\"og:image\" content=\"https:\/\/fcaresystems.com\/wp-content\/uploads\/2025\/03\/e.jpg\" \/>\n\t<meta property=\"og:image:width\" content=\"1517\" \/>\n\t<meta property=\"og:image:height\" content=\"784\" \/>\n\t<meta property=\"og:image:type\" content=\"image\/jpeg\" \/>\n<meta name=\"author\" content=\"Alexandra\" \/>\n<meta name=\"twitter:card\" content=\"summary_large_image\" \/>\n<meta name=\"twitter:label1\" content=\"\u00c9crit par\" \/>\n\t<meta name=\"twitter:data1\" content=\"Alexandra\" \/>\n\t<meta name=\"twitter:label2\" content=\"Dur\u00e9e de lecture estim\u00e9e\" \/>\n\t<meta name=\"twitter:data2\" content=\"2 minutes\" \/>\n<script type=\"application\/ld+json\" class=\"yoast-schema-graph\">{\"@context\":\"https:\/\/schema.org\",\"@graph\":[{\"@type\":\"Article\",\"@id\":\"https:\/\/fcaresystems.com\/fr\/premier-cas-dablation-thyroidienne-au-portugal\/#article\",\"isPartOf\":{\"@id\":\"https:\/\/fcaresystems.com\/fr\/premier-cas-dablation-thyroidienne-au-portugal\/\"},\"author\":{\"name\":\"Alexandra\",\"@id\":\"https:\/\/fcaresystems.com\/fr\/#\/schema\/person\/1f3bdc4ed9a315d408fd469a5eed3061\"},\"headline\":\"Premier cas d&rsquo;ablation thyro\u00efdienne au Portugal.\",\"datePublished\":\"2025-03-20T14:14:19+00:00\",\"dateModified\":\"2025-03-26T10:06:09+00:00\",\"mainEntityOfPage\":{\"@id\":\"https:\/\/fcaresystems.com\/fr\/premier-cas-dablation-thyroidienne-au-portugal\/\"},\"wordCount\":389,\"publisher\":{\"@id\":\"https:\/\/fcaresystems.com\/fr\/#organization\"},\"image\":{\"@id\":\"https:\/\/fcaresystems.com\/fr\/premier-cas-dablation-thyroidienne-au-portugal\/#primaryimage\"},\"thumbnailUrl\":\"https:\/\/fcaresystems.com\/wp-content\/uploads\/2025\/03\/e.jpg\",\"keywords\":[\"AJ-500A\",\"l\u2019ablation\",\"radiofr\u00e9quence\",\"thyro\u00efde\",\"thyro\u00efdienne\"],\"articleSection\":[\"Non classifi\u00e9(e)\"],\"inLanguage\":\"fr-FR\"},{\"@type\":\"WebPage\",\"@id\":\"https:\/\/fcaresystems.com\/fr\/premier-cas-dablation-thyroidienne-au-portugal\/\",\"url\":\"https:\/\/fcaresystems.com\/fr\/premier-cas-dablation-thyroidienne-au-portugal\/\",\"name\":\"Premier cas d'ablation thyro\u00efdienne au Portugal. | F Care Systems\",\"isPartOf\":{\"@id\":\"https:\/\/fcaresystems.com\/fr\/#website\"},\"primaryImageOfPage\":{\"@id\":\"https:\/\/fcaresystems.com\/fr\/premier-cas-dablation-thyroidienne-au-portugal\/#primaryimage\"},\"image\":{\"@id\":\"https:\/\/fcaresystems.com\/fr\/premier-cas-dablation-thyroidienne-au-portugal\/#primaryimage\"},\"thumbnailUrl\":\"https:\/\/fcaresystems.com\/wp-content\/uploads\/2025\/03\/e.jpg\",\"datePublished\":\"2025-03-20T14:14:19+00:00\",\"dateModified\":\"2025-03-26T10:06:09+00:00\",\"description\":\"Premi\u00e8re ablation thyro\u00efdienne r\u00e9ussie au Portugal, dirig\u00e9e par le Dr Teresa Dion\u00edsio, gr\u00e2ce \u00e0 votre soutien.\",\"breadcrumb\":{\"@id\":\"https:\/\/fcaresystems.com\/fr\/premier-cas-dablation-thyroidienne-au-portugal\/#breadcrumb\"},\"inLanguage\":\"fr-FR\",\"potentialAction\":[{\"@type\":\"ReadAction\",\"target\":[\"https:\/\/fcaresystems.com\/fr\/premier-cas-dablation-thyroidienne-au-portugal\/\"]}]},{\"@type\":\"ImageObject\",\"inLanguage\":\"fr-FR\",\"@id\":\"https:\/\/fcaresystems.com\/fr\/premier-cas-dablation-thyroidienne-au-portugal\/#primaryimage\",\"url\":\"https:\/\/fcaresystems.com\/wp-content\/uploads\/2025\/03\/e.jpg\",\"contentUrl\":\"https:\/\/fcaresystems.com\/wp-content\/uploads\/2025\/03\/e.jpg\",\"width\":1517,\"height\":784},{\"@type\":\"BreadcrumbList\",\"@id\":\"https:\/\/fcaresystems.com\/fr\/premier-cas-dablation-thyroidienne-au-portugal\/#breadcrumb\",\"itemListElement\":[{\"@type\":\"ListItem\",\"position\":1,\"name\":\"Home\",\"item\":\"https:\/\/fcaresystems.com\/fr\/\"},{\"@type\":\"ListItem\",\"position\":2,\"name\":\"Premier cas d&#8217;ablation thyro\u00efdienne au Portugal.\"}]},{\"@type\":\"WebSite\",\"@id\":\"https:\/\/fcaresystems.com\/fr\/#website\",\"url\":\"https:\/\/fcaresystems.com\/fr\/\",\"name\":\"F Care Systems\",\"description\":\"\",\"publisher\":{\"@id\":\"https:\/\/fcaresystems.com\/fr\/#organization\"},\"potentialAction\":[{\"@type\":\"SearchAction\",\"target\":{\"@type\":\"EntryPoint\",\"urlTemplate\":\"https:\/\/fcaresystems.com\/fr\/?s={search_term_string}\"},\"query-input\":{\"@type\":\"PropertyValueSpecification\",\"valueRequired\":true,\"valueName\":\"search_term_string\"}}],\"inLanguage\":\"fr-FR\"},{\"@type\":\"Organization\",\"@id\":\"https:\/\/fcaresystems.com\/fr\/#organization\",\"name\":\"F Care Systems\",\"url\":\"https:\/\/fcaresystems.com\/fr\/\",\"logo\":{\"@type\":\"ImageObject\",\"inLanguage\":\"fr-FR\",\"@id\":\"https:\/\/fcaresystems.com\/fr\/#\/schema\/logo\/image\/\",\"url\":\"https:\/\/fcaresystems.com\/wp-content\/uploads\/2022\/11\/logo-2.svg\",\"contentUrl\":\"https:\/\/fcaresystems.com\/wp-content\/uploads\/2022\/11\/logo-2.svg\",\"caption\":\"F Care Systems\"},\"image\":{\"@id\":\"https:\/\/fcaresystems.com\/fr\/#\/schema\/logo\/image\/\"}},{\"@type\":\"Person\",\"@id\":\"https:\/\/fcaresystems.com\/fr\/#\/schema\/person\/1f3bdc4ed9a315d408fd469a5eed3061\",\"name\":\"Alexandra\",\"url\":\"https:\/\/fcaresystems.com\/fr\/author\/alexandra\/\"}]}<\/script>\n<!-- \/ Yoast SEO plugin. -->","yoast_head_json":{"title":"Premier cas d'ablation thyro\u00efdienne au Portugal. | F Care Systems","description":"Premi\u00e8re ablation thyro\u00efdienne r\u00e9ussie au Portugal, dirig\u00e9e par le Dr Teresa Dion\u00edsio, gr\u00e2ce \u00e0 votre soutien.","robots":{"index":"index","follow":"follow","max-snippet":"max-snippet:-1","max-image-preview":"max-image-preview:large","max-video-preview":"max-video-preview:-1"},"canonical":"https:\/\/fcaresystems.com\/fr\/premier-cas-dablation-thyroidienne-au-portugal\/","og_locale":"fr_FR","og_type":"article","og_title":"Premier cas d'ablation thyro\u00efdienne au Portugal. | F Care Systems","og_description":"Premi\u00e8re ablation thyro\u00efdienne r\u00e9ussie au Portugal, dirig\u00e9e par le Dr Teresa Dion\u00edsio, gr\u00e2ce \u00e0 votre soutien.","og_url":"https:\/\/fcaresystems.com\/fr\/premier-cas-dablation-thyroidienne-au-portugal\/","og_site_name":"F Care Systems","article_published_time":"2025-03-20T14:14:19+00:00","article_modified_time":"2025-03-26T10:06:09+00:00","og_image":[{"width":1517,"height":784,"url":"https:\/\/fcaresystems.com\/wp-content\/uploads\/2025\/03\/e.jpg","type":"image\/jpeg"}],"author":"Alexandra","twitter_card":"summary_large_image","twitter_misc":{"\u00c9crit par":"Alexandra","Dur\u00e9e de lecture estim\u00e9e":"2 minutes"},"schema":{"@context":"https:\/\/schema.org","@graph":[{"@type":"Article","@id":"https:\/\/fcaresystems.com\/fr\/premier-cas-dablation-thyroidienne-au-portugal\/#article","isPartOf":{"@id":"https:\/\/fcaresystems.com\/fr\/premier-cas-dablation-thyroidienne-au-portugal\/"},"author":{"name":"Alexandra","@id":"https:\/\/fcaresystems.com\/fr\/#\/schema\/person\/1f3bdc4ed9a315d408fd469a5eed3061"},"headline":"Premier cas d&rsquo;ablation thyro\u00efdienne au Portugal.","datePublished":"2025-03-20T14:14:19+00:00","dateModified":"2025-03-26T10:06:09+00:00","mainEntityOfPage":{"@id":"https:\/\/fcaresystems.com\/fr\/premier-cas-dablation-thyroidienne-au-portugal\/"},"wordCount":389,"publisher":{"@id":"https:\/\/fcaresystems.com\/fr\/#organization"},"image":{"@id":"https:\/\/fcaresystems.com\/fr\/premier-cas-dablation-thyroidienne-au-portugal\/#primaryimage"},"thumbnailUrl":"https:\/\/fcaresystems.com\/wp-content\/uploads\/2025\/03\/e.jpg","keywords":["AJ-500A","l\u2019ablation","radiofr\u00e9quence","thyro\u00efde","thyro\u00efdienne"],"articleSection":["Non classifi\u00e9(e)"],"inLanguage":"fr-FR"},{"@type":"WebPage","@id":"https:\/\/fcaresystems.com\/fr\/premier-cas-dablation-thyroidienne-au-portugal\/","url":"https:\/\/fcaresystems.com\/fr\/premier-cas-dablation-thyroidienne-au-portugal\/","name":"Premier cas d'ablation thyro\u00efdienne au Portugal. | F Care Systems","isPartOf":{"@id":"https:\/\/fcaresystems.com\/fr\/#website"},"primaryImageOfPage":{"@id":"https:\/\/fcaresystems.com\/fr\/premier-cas-dablation-thyroidienne-au-portugal\/#primaryimage"},"image":{"@id":"https:\/\/fcaresystems.com\/fr\/premier-cas-dablation-thyroidienne-au-portugal\/#primaryimage"},"thumbnailUrl":"https:\/\/fcaresystems.com\/wp-content\/uploads\/2025\/03\/e.jpg","datePublished":"2025-03-20T14:14:19+00:00","dateModified":"2025-03-26T10:06:09+00:00","description":"Premi\u00e8re ablation thyro\u00efdienne r\u00e9ussie au Portugal, dirig\u00e9e par le Dr Teresa Dion\u00edsio, gr\u00e2ce \u00e0 votre soutien.","breadcrumb":{"@id":"https:\/\/fcaresystems.com\/fr\/premier-cas-dablation-thyroidienne-au-portugal\/#breadcrumb"},"inLanguage":"fr-FR","potentialAction":[{"@type":"ReadAction","target":["https:\/\/fcaresystems.com\/fr\/premier-cas-dablation-thyroidienne-au-portugal\/"]}]},{"@type":"ImageObject","inLanguage":"fr-FR","@id":"https:\/\/fcaresystems.com\/fr\/premier-cas-dablation-thyroidienne-au-portugal\/#primaryimage","url":"https:\/\/fcaresystems.com\/wp-content\/uploads\/2025\/03\/e.jpg","contentUrl":"https:\/\/fcaresystems.com\/wp-content\/uploads\/2025\/03\/e.jpg","width":1517,"height":784},{"@type":"BreadcrumbList","@id":"https:\/\/fcaresystems.com\/fr\/premier-cas-dablation-thyroidienne-au-portugal\/#breadcrumb","itemListElement":[{"@type":"ListItem","position":1,"name":"Home","item":"https:\/\/fcaresystems.com\/fr\/"},{"@type":"ListItem","position":2,"name":"Premier cas d&#8217;ablation thyro\u00efdienne au Portugal."}]},{"@type":"WebSite","@id":"https:\/\/fcaresystems.com\/fr\/#website","url":"https:\/\/fcaresystems.com\/fr\/","name":"F Care Systems","description":"","publisher":{"@id":"https:\/\/fcaresystems.com\/fr\/#organization"},"potentialAction":[{"@type":"SearchAction","target":{"@type":"EntryPoint","urlTemplate":"https:\/\/fcaresystems.com\/fr\/?s={search_term_string}"},"query-input":{"@type":"PropertyValueSpecification","valueRequired":true,"valueName":"search_term_string"}}],"inLanguage":"fr-FR"},{"@type":"Organization","@id":"https:\/\/fcaresystems.com\/fr\/#organization","name":"F Care Systems","url":"https:\/\/fcaresystems.com\/fr\/","logo":{"@type":"ImageObject","inLanguage":"fr-FR","@id":"https:\/\/fcaresystems.com\/fr\/#\/schema\/logo\/image\/","url":"https:\/\/fcaresystems.com\/wp-content\/uploads\/2022\/11\/logo-2.svg","contentUrl":"https:\/\/fcaresystems.com\/wp-content\/uploads\/2022\/11\/logo-2.svg","caption":"F Care Systems"},"image":{"@id":"https:\/\/fcaresystems.com\/fr\/#\/schema\/logo\/image\/"}},{"@type":"Person","@id":"https:\/\/fcaresystems.com\/fr\/#\/schema\/person\/1f3bdc4ed9a315d408fd469a5eed3061","name":"Alexandra","url":"https:\/\/fcaresystems.com\/fr\/author\/alexandra\/"}]}},"_links":{"self":[{"href":"https:\/\/fcaresystems.com\/fr\/wp-json\/wp\/v2\/posts\/14547","targetHints":{"allow":["GET"]}}],"collection":[{"href":"https:\/\/fcaresystems.com\/fr\/wp-json\/wp\/v2\/posts"}],"about":[{"href":"https:\/\/fcaresystems.com\/fr\/wp-json\/wp\/v2\/types\/post"}],"author":[{"embeddable":true,"href":"https:\/\/fcaresystems.com\/fr\/wp-json\/wp\/v2\/users\/2"}],"replies":[{"embeddable":true,"href":"https:\/\/fcaresystems.com\/fr\/wp-json\/wp\/v2\/comments?post=14547"}],"version-history":[{"count":5,"href":"https:\/\/fcaresystems.com\/fr\/wp-json\/wp\/v2\/posts\/14547\/revisions"}],"predecessor-version":[{"id":14567,"href":"https:\/\/fcaresystems.com\/fr\/wp-json\/wp\/v2\/posts\/14547\/revisions\/14567"}],"wp:featuredmedia":[{"embeddable":true,"href":"https:\/\/fcaresystems.com\/fr\/wp-json\/wp\/v2\/media\/14535"}],"wp:attachment":[{"href":"https:\/\/fcaresystems.com\/fr\/wp-json\/wp\/v2\/media?parent=14547"}],"wp:term":[{"taxonomy":"category","embeddable":true,"href":"https:\/\/fcaresystems.com\/fr\/wp-json\/wp\/v2\/categories?post=14547"},{"taxonomy":"post_tag","embeddable":true,"href":"https:\/\/fcaresystems.com\/fr\/wp-json\/wp\/v2\/tags?post=14547"}],"curies":[{"name":"wp","href":"https:\/\/api.w.org\/{rel}","templated":true}]}}