{"id":14575,"date":"2025-03-20T15:14:19","date_gmt":"2025-03-20T14:14:19","guid":{"rendered":"https:\/\/fcaresystems.com\/?p=14575"},"modified":"2025-03-26T11:56:38","modified_gmt":"2025-03-26T10:56:38","slug":"primer-caso-de-ablacion-tiroidea-en-portugal","status":"publish","type":"post","link":"https:\/\/fcaresystems.com\/es\/primer-caso-de-ablacion-tiroidea-en-portugal\/","title":{"rendered":"Primer caso de ablaci\u00f3n tiroidea en Portugal"},"content":{"rendered":"\n<h1 class=\"wp-block-heading has-primary-color has-text-color has-link-color wp-elements-b1cfb4450561ad6abb07e304b47e13f4\">Primer caso de ablaci\u00f3n de tiroides en Portugal y nuestra participaci\u00f3n en el 7\u00ba Simposio ISITES sobre fluorescencia paratiroidea.<br><\/h1>\n\n\n\n<h2 class=\"wp-block-heading\">Primer caso de ablaci\u00f3n tiroidea en Portugal.<\/h2>\n\n\n\n<p>Recapitulando nuestras experiencias de la semana pasada: realizamos con \u00e9xito el primer caso de ablaci\u00f3n tiroidea en Portugal bajo la direcci\u00f3n de la Dra. <a href=\"https:\/\/www.linkedin.com\/in\/teresa-dion%C3%ADsio-78b58961\/\">Teresa Dion\u00edsio<\/a>. \u00a1Un sincero agradecimiento por su apoyo inquebrantable en nuestro tratamiento!<br><\/p>\n\n\n\n<h2 class=\"wp-block-heading\">Nuestra participaci\u00f3n en el 7\u00ba Simposio ISITES sobre fluorescencia paratiroidea.<\/h2>\n\n\n\n<p>Tambi\u00e9n tuvimos el privilegio de participar en el<strong> <a href=\"https:\/\/www.fluorescenceandmorecongress.com\/\">7\u00ba Simposio ISITES sobre Fluorescencia Paratiroidea<\/a><\/strong>. Nos sentimos orgullosos de asociarnos con <strong><a href=\"https:\/\/www.cardiolinkgroup.com\/en\/\">Cardiolink<\/a><\/strong> para sensibilizar sobre el tratamiento de la tiroides mediante t\u00e9cnicas m\u00ednimamente invasivas, como la ablaci\u00f3n por Radiofrecuencia con el<a href=\"https:\/\/fcaresystems.com\/products\/generators\/aj-500a-rf-generator\/\"><strong> AJ-500A<\/strong><\/a>. As\u00ed, demostramos que tratar los problemas tiroideos ya no requiere una cirug\u00eda dolorosa, sino que existe una alternativa segura y eficiente.<br><\/p>\n\n\n\n<p>Durante el simposio, destacamos las capacidades del AJ-500A. Mostramos las ventajas tanto para los pacientes como para los profesionales. Los cirujanos tuvieron la oportunidad de explorar la pantalla t\u00e1ctil intuitiva del dispositivo. Esta permite ajustar f\u00e1cilmente los par\u00e1metros para varios modos, como el<strong> M-mode ( Movimiento)<\/strong> y el <strong>P-mode ( Pulso) <\/strong>con electrodos de refrigeraci\u00f3n interna. Adem\u00e1s, presentamos el modo<strong> A-track (afusi\u00f3n)<\/strong> y el modo<strong> TEMP (Temperatura)<\/strong>, que funcionan con un electrodo de inyecci\u00f3n de agua para mayor precisi\u00f3n y seguridad.<br><\/p>\n\n\n<div class=\"c-slider-gallery\"><div class=\"c-slider-wrapper\"><div class=\"c-slider c-slider-slick c-slider-slick-for o-block\" ref=\"slickSlide\"><a data-fancybox=\"gallery\" data-caption=\"AJ-500A workshop with surgeons on the test module.\" href=\"https:\/\/fcaresystems.com\/wp-content\/uploads\/2025\/03\/Tekengebied-3.jpg\"><img decoding=\"async\" src=\"https:\/\/fcaresystems.com\/wp-content\/uploads\/2025\/03\/Tekengebied-3.jpg\" title=\"AJ-500A workshop with surgeons on the test module.\"  \/><\/a><a data-fancybox=\"gallery\" data-caption=\"J-500A workshop with surgeons on the test module.\" href=\"https:\/\/fcaresystems.com\/wp-content\/uploads\/2025\/03\/Tekengebied-2.jpg\"><img decoding=\"async\" src=\"https:\/\/fcaresystems.com\/wp-content\/uploads\/2025\/03\/Tekengebied-2.jpg\" title=\"J-500A workshop with surgeons on the test module.\"  \/><\/a><a data-fancybox=\"gallery\" data-caption=\"The setup\" href=\"https:\/\/fcaresystems.com\/wp-content\/uploads\/2025\/03\/Tekengebied-1.jpg\"><img decoding=\"async\" src=\"https:\/\/fcaresystems.com\/wp-content\/uploads\/2025\/03\/Tekengebied-1.jpg\" title=\"The setup\"  \/><\/a><a data-fancybox=\"gallery\" data-caption=\"Presentation room\" href=\"https:\/\/fcaresystems.com\/wp-content\/uploads\/2025\/03\/Tekengebied-6.jpg\"><img decoding=\"async\" src=\"https:\/\/fcaresystems.com\/wp-content\/uploads\/2025\/03\/Tekengebied-6.jpg\" title=\"Presentation room\"  \/><\/a><a data-fancybox=\"gallery\" data-caption=\"Presentation room\" href=\"https:\/\/fcaresystems.com\/wp-content\/uploads\/2025\/03\/Tekengebied-5.jpg\"><img decoding=\"async\" src=\"https:\/\/fcaresystems.com\/wp-content\/uploads\/2025\/03\/Tekengebied-5.jpg\" title=\"Presentation room\"  \/><\/a><a data-fancybox=\"gallery\" data-caption=\"Presentation room\" href=\"https:\/\/fcaresystems.com\/wp-content\/uploads\/2025\/03\/Tekengebied-1-kopie.jpg\"><img decoding=\"async\" src=\"https:\/\/fcaresystems.com\/wp-content\/uploads\/2025\/03\/Tekengebied-1-kopie.jpg\" title=\"Presentation room\"  \/><\/a><a data-fancybox=\"gallery\" data-caption=\"\" href=\"https:\/\/fcaresystems.com\/wp-content\/uploads\/2025\/03\/Tekengebied-8.jpg\"><img decoding=\"async\" src=\"https:\/\/fcaresystems.com\/wp-content\/uploads\/2025\/03\/Tekengebied-8.jpg\" title=\"\"  \/><\/a><\/div><\/div><div class=\"c-slider-nav-container\"><div class=\"c-slider c-slider-slick c-slider-slick-nav u-margin-top-sm\" ref=\"slickNav\"><div><img decoding=\"async\" class=\"\" src=\"https:\/\/fcaresystems.com\/wp-content\/uploads\/2025\/03\/Tekengebied-3.jpg\" srcset=\"\" alt=\"\" \/><\/div><div><img decoding=\"async\" class=\"\" src=\"https:\/\/fcaresystems.com\/wp-content\/uploads\/2025\/03\/Tekengebied-2.jpg\" srcset=\"\" alt=\"\" \/><\/div><div><img decoding=\"async\" class=\"\" src=\"https:\/\/fcaresystems.com\/wp-content\/uploads\/2025\/03\/Tekengebied-1.jpg\" srcset=\"\" alt=\"\" \/><\/div><div><img decoding=\"async\" class=\"\" src=\"https:\/\/fcaresystems.com\/wp-content\/uploads\/2025\/03\/Tekengebied-6.jpg\" srcset=\"\" alt=\"\" \/><\/div><div><img decoding=\"async\" class=\"\" src=\"https:\/\/fcaresystems.com\/wp-content\/uploads\/2025\/03\/Tekengebied-5.jpg\" srcset=\"\" alt=\"\" \/><\/div><div><img decoding=\"async\" class=\"\" src=\"https:\/\/fcaresystems.com\/wp-content\/uploads\/2025\/03\/Tekengebied-1-kopie.jpg\" srcset=\"\" alt=\"\" \/><\/div><div><img decoding=\"async\" class=\"\" src=\"https:\/\/fcaresystems.com\/wp-content\/uploads\/2025\/03\/Tekengebied-8.jpg\" srcset=\"\" alt=\"\" \/><\/div><\/div><\/div><\/div>\n\n\n<p><br>Agradecemos el inter\u00e9s y la participaci\u00f3n de cirujanos y profesionales m\u00e9dicos en el simposio. Ellos se suman a los que apoyan la ablaci\u00f3n de tiroides con radiofrecuencia. Si desea saber c\u00f3mo el AJ-500A puede mejorar su pr\u00e1ctica, cont\u00e1ctenos. Tambi\u00e9n puede registrarse para un taller sobre el tratamiento. Visite el siguiente enlace para m\u00e1s informaci\u00f3n sobre nuestras fechas programadas.<br><\/p>\n\n\n\n<div class=\"wp-block-buttons is-layout-flex wp-block-buttons-is-layout-flex\">\n<div class=\"wp-block-button is-style-plain\"><a class=\"wp-block-button__link has-white-color has-primary-background-color has-text-color has-background wp-element-button\" href=\"https:\/\/fcaresystems.com\/workshops\/join-a-workshop\/\">Participar en un taller<\/a><\/div>\n<\/div>\n\n\n\n<p><\/p>\n","protected":false},"excerpt":{"rendered":"<p>Primer caso de ablaci\u00f3n de tiroides en Portugal y nuestra&#8230;<\/p>\n","protected":false},"author":2,"featured_media":14533,"comment_status":"closed","ping_status":"closed","sticky":false,"template":"","format":"standard","meta":{"footnotes":""},"categories":[10],"tags":[],"class_list":["post-14575","post","type-post","status-publish","format-standard","has-post-thumbnail","hentry","category-sin-categorizar"],"yoast_head":"<!-- This site is optimized with the Yoast SEO plugin v27.0 - https:\/\/yoast.com\/product\/yoast-seo-wordpress\/ -->\n<title>Primer caso de ablaci\u00f3n tiroidea en Portugal | F Care Systems<\/title>\n<meta name=\"description\" content=\"Primer caso de ablaci\u00f3n tiroidea en Portugal y nuestra participaci\u00f3n en el 7\u00ba Simposio ISITES sobre Fluorescencia Paratiroidea.\" \/>\n<meta name=\"robots\" content=\"index, follow, max-snippet:-1, max-image-preview:large, max-video-preview:-1\" \/>\n<link rel=\"canonical\" href=\"https:\/\/fcaresystems.com\/es\/primer-caso-de-ablacion-tiroidea-en-portugal\/\" \/>\n<meta property=\"og:locale\" content=\"es_ES\" \/>\n<meta property=\"og:type\" content=\"article\" \/>\n<meta property=\"og:title\" content=\"Primer caso de ablaci\u00f3n tiroidea en Portugal | F Care Systems\" \/>\n<meta property=\"og:description\" content=\"Primer caso de ablaci\u00f3n tiroidea en Portugal y nuestra participaci\u00f3n en el 7\u00ba Simposio ISITES sobre Fluorescencia Paratiroidea.\" \/>\n<meta property=\"og:url\" content=\"https:\/\/fcaresystems.com\/es\/primer-caso-de-ablacion-tiroidea-en-portugal\/\" \/>\n<meta property=\"og:site_name\" content=\"F Care Systems\" \/>\n<meta property=\"article:published_time\" content=\"2025-03-20T14:14:19+00:00\" \/>\n<meta property=\"article:modified_time\" content=\"2025-03-26T10:56:38+00:00\" \/>\n<meta property=\"og:image\" content=\"https:\/\/fcaresystems.com\/wp-content\/uploads\/2025\/03\/e.jpg\" \/>\n\t<meta property=\"og:image:width\" content=\"1517\" \/>\n\t<meta property=\"og:image:height\" content=\"784\" \/>\n\t<meta property=\"og:image:type\" content=\"image\/jpeg\" \/>\n<meta name=\"author\" content=\"Alexandra\" \/>\n<meta name=\"twitter:card\" content=\"summary_large_image\" \/>\n<meta name=\"twitter:label1\" content=\"Escrito por\" \/>\n\t<meta name=\"twitter:data1\" content=\"Alexandra\" \/>\n\t<meta name=\"twitter:label2\" content=\"Tiempo de lectura\" \/>\n\t<meta name=\"twitter:data2\" content=\"2 minutos\" \/>\n<script type=\"application\/ld+json\" class=\"yoast-schema-graph\">{\"@context\":\"https:\/\/schema.org\",\"@graph\":[{\"@type\":\"Article\",\"@id\":\"https:\/\/fcaresystems.com\/es\/primer-caso-de-ablacion-tiroidea-en-portugal\/#article\",\"isPartOf\":{\"@id\":\"https:\/\/fcaresystems.com\/es\/primer-caso-de-ablacion-tiroidea-en-portugal\/\"},\"author\":{\"name\":\"Alexandra\",\"@id\":\"https:\/\/fcaresystems.com\/es\/#\/schema\/person\/1f3bdc4ed9a315d408fd469a5eed3061\"},\"headline\":\"Primer caso de ablaci\u00f3n tiroidea en Portugal\",\"datePublished\":\"2025-03-20T14:14:19+00:00\",\"dateModified\":\"2025-03-26T10:56:38+00:00\",\"mainEntityOfPage\":{\"@id\":\"https:\/\/fcaresystems.com\/es\/primer-caso-de-ablacion-tiroidea-en-portugal\/\"},\"wordCount\":313,\"publisher\":{\"@id\":\"https:\/\/fcaresystems.com\/es\/#organization\"},\"image\":{\"@id\":\"https:\/\/fcaresystems.com\/es\/primer-caso-de-ablacion-tiroidea-en-portugal\/#primaryimage\"},\"thumbnailUrl\":\"https:\/\/fcaresystems.com\/wp-content\/uploads\/2025\/03\/e.jpg\",\"articleSection\":[\"Sin categorizar\"],\"inLanguage\":\"es\"},{\"@type\":\"WebPage\",\"@id\":\"https:\/\/fcaresystems.com\/es\/primer-caso-de-ablacion-tiroidea-en-portugal\/\",\"url\":\"https:\/\/fcaresystems.com\/es\/primer-caso-de-ablacion-tiroidea-en-portugal\/\",\"name\":\"Primer caso de ablaci\u00f3n tiroidea en Portugal | F Care Systems\",\"isPartOf\":{\"@id\":\"https:\/\/fcaresystems.com\/es\/#website\"},\"primaryImageOfPage\":{\"@id\":\"https:\/\/fcaresystems.com\/es\/primer-caso-de-ablacion-tiroidea-en-portugal\/#primaryimage\"},\"image\":{\"@id\":\"https:\/\/fcaresystems.com\/es\/primer-caso-de-ablacion-tiroidea-en-portugal\/#primaryimage\"},\"thumbnailUrl\":\"https:\/\/fcaresystems.com\/wp-content\/uploads\/2025\/03\/e.jpg\",\"datePublished\":\"2025-03-20T14:14:19+00:00\",\"dateModified\":\"2025-03-26T10:56:38+00:00\",\"description\":\"Primer caso de ablaci\u00f3n tiroidea en Portugal y nuestra participaci\u00f3n en el 7\u00ba Simposio ISITES sobre Fluorescencia Paratiroidea.\",\"breadcrumb\":{\"@id\":\"https:\/\/fcaresystems.com\/es\/primer-caso-de-ablacion-tiroidea-en-portugal\/#breadcrumb\"},\"inLanguage\":\"es\",\"potentialAction\":[{\"@type\":\"ReadAction\",\"target\":[\"https:\/\/fcaresystems.com\/es\/primer-caso-de-ablacion-tiroidea-en-portugal\/\"]}]},{\"@type\":\"ImageObject\",\"inLanguage\":\"es\",\"@id\":\"https:\/\/fcaresystems.com\/es\/primer-caso-de-ablacion-tiroidea-en-portugal\/#primaryimage\",\"url\":\"https:\/\/fcaresystems.com\/wp-content\/uploads\/2025\/03\/e.jpg\",\"contentUrl\":\"https:\/\/fcaresystems.com\/wp-content\/uploads\/2025\/03\/e.jpg\",\"width\":1517,\"height\":784},{\"@type\":\"BreadcrumbList\",\"@id\":\"https:\/\/fcaresystems.com\/es\/primer-caso-de-ablacion-tiroidea-en-portugal\/#breadcrumb\",\"itemListElement\":[{\"@type\":\"ListItem\",\"position\":1,\"name\":\"Home\",\"item\":\"https:\/\/fcaresystems.com\/es\/\"},{\"@type\":\"ListItem\",\"position\":2,\"name\":\"Primer caso de ablaci\u00f3n tiroidea en Portugal\"}]},{\"@type\":\"WebSite\",\"@id\":\"https:\/\/fcaresystems.com\/es\/#website\",\"url\":\"https:\/\/fcaresystems.com\/es\/\",\"name\":\"F Care Systems\",\"description\":\"\",\"publisher\":{\"@id\":\"https:\/\/fcaresystems.com\/es\/#organization\"},\"potentialAction\":[{\"@type\":\"SearchAction\",\"target\":{\"@type\":\"EntryPoint\",\"urlTemplate\":\"https:\/\/fcaresystems.com\/es\/?s={search_term_string}\"},\"query-input\":{\"@type\":\"PropertyValueSpecification\",\"valueRequired\":true,\"valueName\":\"search_term_string\"}}],\"inLanguage\":\"es\"},{\"@type\":\"Organization\",\"@id\":\"https:\/\/fcaresystems.com\/es\/#organization\",\"name\":\"F Care Systems\",\"url\":\"https:\/\/fcaresystems.com\/es\/\",\"logo\":{\"@type\":\"ImageObject\",\"inLanguage\":\"es\",\"@id\":\"https:\/\/fcaresystems.com\/es\/#\/schema\/logo\/image\/\",\"url\":\"https:\/\/fcaresystems.com\/wp-content\/uploads\/2022\/11\/logo-2.svg\",\"contentUrl\":\"https:\/\/fcaresystems.com\/wp-content\/uploads\/2022\/11\/logo-2.svg\",\"caption\":\"F Care Systems\"},\"image\":{\"@id\":\"https:\/\/fcaresystems.com\/es\/#\/schema\/logo\/image\/\"}},{\"@type\":\"Person\",\"@id\":\"https:\/\/fcaresystems.com\/es\/#\/schema\/person\/1f3bdc4ed9a315d408fd469a5eed3061\",\"name\":\"Alexandra\",\"url\":\"https:\/\/fcaresystems.com\/es\/author\/alexandra\/\"}]}<\/script>\n<!-- \/ Yoast SEO plugin. -->","yoast_head_json":{"title":"Primer caso de ablaci\u00f3n tiroidea en Portugal | F Care Systems","description":"Primer caso de ablaci\u00f3n tiroidea en Portugal y nuestra participaci\u00f3n en el 7\u00ba Simposio ISITES sobre Fluorescencia Paratiroidea.","robots":{"index":"index","follow":"follow","max-snippet":"max-snippet:-1","max-image-preview":"max-image-preview:large","max-video-preview":"max-video-preview:-1"},"canonical":"https:\/\/fcaresystems.com\/es\/primer-caso-de-ablacion-tiroidea-en-portugal\/","og_locale":"es_ES","og_type":"article","og_title":"Primer caso de ablaci\u00f3n tiroidea en Portugal | F Care Systems","og_description":"Primer caso de ablaci\u00f3n tiroidea en Portugal y nuestra participaci\u00f3n en el 7\u00ba Simposio ISITES sobre Fluorescencia Paratiroidea.","og_url":"https:\/\/fcaresystems.com\/es\/primer-caso-de-ablacion-tiroidea-en-portugal\/","og_site_name":"F Care Systems","article_published_time":"2025-03-20T14:14:19+00:00","article_modified_time":"2025-03-26T10:56:38+00:00","og_image":[{"width":1517,"height":784,"url":"https:\/\/fcaresystems.com\/wp-content\/uploads\/2025\/03\/e.jpg","type":"image\/jpeg"}],"author":"Alexandra","twitter_card":"summary_large_image","twitter_misc":{"Escrito por":"Alexandra","Tiempo de lectura":"2 minutos"},"schema":{"@context":"https:\/\/schema.org","@graph":[{"@type":"Article","@id":"https:\/\/fcaresystems.com\/es\/primer-caso-de-ablacion-tiroidea-en-portugal\/#article","isPartOf":{"@id":"https:\/\/fcaresystems.com\/es\/primer-caso-de-ablacion-tiroidea-en-portugal\/"},"author":{"name":"Alexandra","@id":"https:\/\/fcaresystems.com\/es\/#\/schema\/person\/1f3bdc4ed9a315d408fd469a5eed3061"},"headline":"Primer caso de ablaci\u00f3n tiroidea en Portugal","datePublished":"2025-03-20T14:14:19+00:00","dateModified":"2025-03-26T10:56:38+00:00","mainEntityOfPage":{"@id":"https:\/\/fcaresystems.com\/es\/primer-caso-de-ablacion-tiroidea-en-portugal\/"},"wordCount":313,"publisher":{"@id":"https:\/\/fcaresystems.com\/es\/#organization"},"image":{"@id":"https:\/\/fcaresystems.com\/es\/primer-caso-de-ablacion-tiroidea-en-portugal\/#primaryimage"},"thumbnailUrl":"https:\/\/fcaresystems.com\/wp-content\/uploads\/2025\/03\/e.jpg","articleSection":["Sin categorizar"],"inLanguage":"es"},{"@type":"WebPage","@id":"https:\/\/fcaresystems.com\/es\/primer-caso-de-ablacion-tiroidea-en-portugal\/","url":"https:\/\/fcaresystems.com\/es\/primer-caso-de-ablacion-tiroidea-en-portugal\/","name":"Primer caso de ablaci\u00f3n tiroidea en Portugal | F Care Systems","isPartOf":{"@id":"https:\/\/fcaresystems.com\/es\/#website"},"primaryImageOfPage":{"@id":"https:\/\/fcaresystems.com\/es\/primer-caso-de-ablacion-tiroidea-en-portugal\/#primaryimage"},"image":{"@id":"https:\/\/fcaresystems.com\/es\/primer-caso-de-ablacion-tiroidea-en-portugal\/#primaryimage"},"thumbnailUrl":"https:\/\/fcaresystems.com\/wp-content\/uploads\/2025\/03\/e.jpg","datePublished":"2025-03-20T14:14:19+00:00","dateModified":"2025-03-26T10:56:38+00:00","description":"Primer caso de ablaci\u00f3n tiroidea en Portugal y nuestra participaci\u00f3n en el 7\u00ba Simposio ISITES sobre Fluorescencia Paratiroidea.","breadcrumb":{"@id":"https:\/\/fcaresystems.com\/es\/primer-caso-de-ablacion-tiroidea-en-portugal\/#breadcrumb"},"inLanguage":"es","potentialAction":[{"@type":"ReadAction","target":["https:\/\/fcaresystems.com\/es\/primer-caso-de-ablacion-tiroidea-en-portugal\/"]}]},{"@type":"ImageObject","inLanguage":"es","@id":"https:\/\/fcaresystems.com\/es\/primer-caso-de-ablacion-tiroidea-en-portugal\/#primaryimage","url":"https:\/\/fcaresystems.com\/wp-content\/uploads\/2025\/03\/e.jpg","contentUrl":"https:\/\/fcaresystems.com\/wp-content\/uploads\/2025\/03\/e.jpg","width":1517,"height":784},{"@type":"BreadcrumbList","@id":"https:\/\/fcaresystems.com\/es\/primer-caso-de-ablacion-tiroidea-en-portugal\/#breadcrumb","itemListElement":[{"@type":"ListItem","position":1,"name":"Home","item":"https:\/\/fcaresystems.com\/es\/"},{"@type":"ListItem","position":2,"name":"Primer caso de ablaci\u00f3n tiroidea en Portugal"}]},{"@type":"WebSite","@id":"https:\/\/fcaresystems.com\/es\/#website","url":"https:\/\/fcaresystems.com\/es\/","name":"F Care Systems","description":"","publisher":{"@id":"https:\/\/fcaresystems.com\/es\/#organization"},"potentialAction":[{"@type":"SearchAction","target":{"@type":"EntryPoint","urlTemplate":"https:\/\/fcaresystems.com\/es\/?s={search_term_string}"},"query-input":{"@type":"PropertyValueSpecification","valueRequired":true,"valueName":"search_term_string"}}],"inLanguage":"es"},{"@type":"Organization","@id":"https:\/\/fcaresystems.com\/es\/#organization","name":"F Care Systems","url":"https:\/\/fcaresystems.com\/es\/","logo":{"@type":"ImageObject","inLanguage":"es","@id":"https:\/\/fcaresystems.com\/es\/#\/schema\/logo\/image\/","url":"https:\/\/fcaresystems.com\/wp-content\/uploads\/2022\/11\/logo-2.svg","contentUrl":"https:\/\/fcaresystems.com\/wp-content\/uploads\/2022\/11\/logo-2.svg","caption":"F Care Systems"},"image":{"@id":"https:\/\/fcaresystems.com\/es\/#\/schema\/logo\/image\/"}},{"@type":"Person","@id":"https:\/\/fcaresystems.com\/es\/#\/schema\/person\/1f3bdc4ed9a315d408fd469a5eed3061","name":"Alexandra","url":"https:\/\/fcaresystems.com\/es\/author\/alexandra\/"}]}},"_links":{"self":[{"href":"https:\/\/fcaresystems.com\/es\/wp-json\/wp\/v2\/posts\/14575","targetHints":{"allow":["GET"]}}],"collection":[{"href":"https:\/\/fcaresystems.com\/es\/wp-json\/wp\/v2\/posts"}],"about":[{"href":"https:\/\/fcaresystems.com\/es\/wp-json\/wp\/v2\/types\/post"}],"author":[{"embeddable":true,"href":"https:\/\/fcaresystems.com\/es\/wp-json\/wp\/v2\/users\/2"}],"replies":[{"embeddable":true,"href":"https:\/\/fcaresystems.com\/es\/wp-json\/wp\/v2\/comments?post=14575"}],"version-history":[{"count":1,"href":"https:\/\/fcaresystems.com\/es\/wp-json\/wp\/v2\/posts\/14575\/revisions"}],"predecessor-version":[{"id":14576,"href":"https:\/\/fcaresystems.com\/es\/wp-json\/wp\/v2\/posts\/14575\/revisions\/14576"}],"wp:featuredmedia":[{"embeddable":true,"href":"https:\/\/fcaresystems.com\/es\/wp-json\/wp\/v2\/media\/14533"}],"wp:attachment":[{"href":"https:\/\/fcaresystems.com\/es\/wp-json\/wp\/v2\/media?parent=14575"}],"wp:term":[{"taxonomy":"category","embeddable":true,"href":"https:\/\/fcaresystems.com\/es\/wp-json\/wp\/v2\/categories?post=14575"},{"taxonomy":"post_tag","embeddable":true,"href":"https:\/\/fcaresystems.com\/es\/wp-json\/wp\/v2\/tags?post=14575"}],"curies":[{"name":"wp","href":"https:\/\/api.w.org\/{rel}","templated":true}]}}